{"id":27261,"date":"2019-10-05T10:54:34","date_gmt":"2019-10-05T08:54:34","guid":{"rendered":"https:\/\/kymos.com\/news\/il-dott-carles-celma-direttore-scientifico-di-kymos-presenta-un-seminario-di-successo-sui-prodotti-biologici\/"},"modified":"2025-12-03T18:59:06","modified_gmt":"2025-12-03T17:59:06","slug":"il-dott-carles-celma-direttore-scientifico-di-kymos-presenta-un-seminario-di-successo-sui-prodotti-biologici","status":"publish","type":"post","link":"https:\/\/kymos.com\/it\/news\/il-dott-carles-celma-direttore-scientifico-di-kymos-presenta-un-seminario-di-successo-sui-prodotti-biologici\/","title":{"rendered":"Il Dott. Carles Celma, Direttore Scientifico di KYMOS, presenta un seminario di successo sui prodotti biologici"},"content":{"rendered":"<div class=\"fusion-fullwidth fullwidth-box fusion-builder-row-1 fusion-flex-container nonhundred-percent-fullwidth non-hundred-percent-height-scrolling\" style=\"--awb-border-radius-top-left:0px;--awb-border-radius-top-right:0px;--awb-border-radius-bottom-right:0px;--awb-border-radius-bottom-left:0px;--awb-flex-wrap:wrap;\" ><div class=\"fusion-builder-row fusion-row fusion-flex-align-items-flex-start fusion-flex-content-wrap\" style=\"max-width:calc( 1170px + 20px );margin-left: calc(-20px \/ 2 );margin-right: calc(-20px \/ 2 );\"><div class=\"fusion-layout-column fusion_builder_column fusion-builder-column-0 fusion_builder_column_1_1 1_1 fusion-flex-column\" style=\"--awb-bg-blend:overlay;--awb-bg-size:cover;--awb-width-large:100%;--awb-margin-top-large:0px;--awb-spacing-right-large:10px;--awb-margin-bottom-large:0px;--awb-spacing-left-large:10px;--awb-width-medium:100%;--awb-spacing-right-medium:10px;--awb-spacing-left-medium:10px;--awb-width-small:100%;--awb-spacing-right-small:10px;--awb-spacing-left-small:10px;\"><div class=\"fusion-column-wrapper fusion-flex-justify-content-flex-start fusion-content-layout-column\"><div class=\"fusion-text fusion-text-1\"><p><span style=\"font-size: 14pt;\">Il Dott. Carles Celma, Direttore Scientifico di <a href=\"https:\/\/kymos.com\/it\/\" data-wpel-link=\"internal\">KYMOS,<\/a> \u00e8 stato invitato da <a href=\"https:\/\/www.almirall.com\/\" data-wpel-link=\"external\">ALMIRALL<\/a> a presentare un seminario unico sui prodotti biologici il 1\u00b0 luglio. L&#8217;iniziativa, tenutasi in remoto tramite Teams a causa della pandemia di COVID-19, \u00e8 stata promossa da Technical R&amp;D di Almirall e mirava a esplorare le capacit\u00e0 analitiche per la caratterizzazione e il controllo qualit\u00e0 dei prodotti biofarmaceutici, un argomento di crescente importanza nella comunit\u00e0 sanitaria.   <\/span><\/p>\n<div class=\"blog-content\">\n<div class=\"field field-name-body field-type-text-with-summary field-label-hidden\">\n<div class=\"field-items\">\n<div class=\"field-item even\">\n<p><span style=\"font-size: 14pt;\">KYMOS \u00e8 una CRO europea ispezionata dalla FDA, specializzata in bioanalisi e CMC di molecole sia piccole che grandi. Il Dott. Celma \u00e8 un opinion leader riconosciuto nel settore, con decenni di esperienza nella gestione di biologici e biosimilari innovativi. <em>&#8220;Il flusso di nuovi API per piccole molecole ha subito un rallentamento nell&#8217;ultimo decennio, mentre la spesa per nuove entit\u00e0 biologiche \u00e8 in aumento&#8221;,<\/em> afferma il Dott. Celma. <em>&#8220;Detto questo, lo sviluppo di biologici complessi come anticorpi monoclonali (mAb), vaccini o fattori della coagulazione rimane analiticamente impegnativo, motivo per cui sempre pi\u00f9 aziende farmaceutiche tendono ad esternalizzare le loro caratterizzazioni e gli studi di comparabilit\u00e0 a CRO competenti come KYMOS&#8221;,<\/em> conclude. <\/span><\/p>\n<p><span style=\"font-size: 14pt;\">ALMIRALL \u00e8 un&#8217;azienda farmaceutica leader a livello mondiale specializzata nella salute della pelle che collabora con gli operatori sanitari, applicando la scienza per fornire soluzioni mediche ai pazienti e alle generazioni future. I suoi sforzi sono concentrati sulla lotta alle patologie della pelle e sull&#8217;aiutare le persone a sentirsi meglio. Supportiamo gli operatori sanitari nel loro continuo miglioramento, fornendo le nostre soluzioni innovative dove sono necessarie.  <\/span><\/p>\n<p><span style=\"font-size: 14pt;\">Per maggiori informazioni su ALMIRALL visita il nostro <strong><a href=\"https:\/\/www.almirall.com\/\" data-wpel-link=\"external\">sito web<\/a><\/strong> o contattaci <a href=\"https:\/\/www.almirall.com\/home\/contact-us\" data-wpel-link=\"external\">qui<\/a> .<\/span><br \/>\n<span style=\"font-size: 14pt;\">Per maggiori informazioni su <strong><a href=\"https:\/\/kymos.com\/it\/\" data-wpel-link=\"internal\">KYMOS visita il nostro sito web<\/a><\/strong> o contattaci <a href=\"mailto:info@kymos.com\" data-wpel-link=\"internal\">all&#8217;indirizzo commercial@kymos.com<\/a> <a href=\"mailto:info@kymos.com?subject=Nuovi%20strumenti%20da%20Kymos\" data-wpel-link=\"internal\">.<\/a><\/span><\/p>\n<\/div>\n<\/div>\n<\/div>\n<\/div>\n<\/div><\/div><\/div><\/div><\/div>\n","protected":false},"excerpt":{"rendered":"","protected":false},"author":6,"featured_media":27262,"comment_status":"closed","ping_status":"","sticky":false,"template":"","format":"standard","meta":{"_acf_changed":false,"footnotes":""},"categories":[269],"tags":[],"class_list":["post-27261","post","type-post","status-publish","format-standard","has-post-thumbnail","hentry","category-eventi"],"acf":[],"yoast_head":"<!-- This site is optimized with the Yoast SEO plugin v27.4 - https:\/\/yoast.com\/product\/yoast-seo-wordpress\/ -->\n<title>Il Dott. Carles Celma presenta con successo il seminario sui prodotti biologici<\/title>\n<meta name=\"description\" content=\"Scopri di pi\u00f9 sul seminario unico sui prodotti biologici tenuto dal Dott. Carles Celma, direttore scientifico di Kymos, da ALMIRALL durante la pandemia di COVID-19.\" \/>\n<meta name=\"robots\" content=\"index, follow, max-snippet:-1, max-image-preview:large, max-video-preview:-1\" \/>\n<link rel=\"canonical\" href=\"https:\/\/kymos.com\/it\/news\/il-dott-carles-celma-direttore-scientifico-di-kymos-presenta-un-seminario-di-successo-sui-prodotti-biologici\/\" \/>\n<meta property=\"og:locale\" content=\"it_IT\" \/>\n<meta property=\"og:type\" content=\"article\" \/>\n<meta property=\"og:title\" content=\"Il Dott. Carles Celma presenta con successo il seminario sui prodotti biologici\" \/>\n<meta property=\"og:description\" content=\"Scopri di pi\u00f9 sul seminario unico sui prodotti biologici tenuto dal Dott. Carles Celma, direttore scientifico di Kymos, da ALMIRALL durante la pandemia di COVID-19.\" \/>\n<meta property=\"og:url\" content=\"https:\/\/kymos.com\/it\/news\/il-dott-carles-celma-direttore-scientifico-di-kymos-presenta-un-seminario-di-successo-sui-prodotti-biologici\/\" \/>\n<meta property=\"og:site_name\" content=\"Kymos\" \/>\n<meta property=\"article:published_time\" content=\"2019-10-05T08:54:34+00:00\" \/>\n<meta property=\"article:modified_time\" content=\"2025-12-03T17:59:06+00:00\" \/>\n<meta property=\"og:image\" content=\"https:\/\/kymos.com\/wp-content\/uploads\/2021\/11\/Kymos-Biologics-Seminar_short-e1658232293201.png\" \/>\n\t<meta property=\"og:image:width\" content=\"900\" \/>\n\t<meta property=\"og:image:height\" content=\"500\" \/>\n\t<meta property=\"og:image:type\" content=\"image\/png\" \/>\n<meta name=\"author\" content=\"Joan Puig de Dou\" \/>\n<meta name=\"twitter:card\" content=\"summary_large_image\" \/>\n<meta name=\"twitter:creator\" content=\"@KymosGroup\" \/>\n<meta name=\"twitter:site\" content=\"@KymosGroup\" \/>\n<meta name=\"twitter:label1\" content=\"Scritto da\" \/>\n\t<meta name=\"twitter:data1\" content=\"Joan Puig de Dou\" \/>\n\t<meta name=\"twitter:label2\" content=\"Tempo di lettura stimato\" \/>\n\t<meta name=\"twitter:data2\" content=\"2 minuti\" \/>\n<script type=\"application\/ld+json\" class=\"yoast-schema-graph\">{\"@context\":\"https:\\\/\\\/schema.org\",\"@graph\":[{\"@type\":\"Article\",\"@id\":\"https:\\\/\\\/kymos.com\\\/it\\\/news\\\/il-dott-carles-celma-direttore-scientifico-di-kymos-presenta-un-seminario-di-successo-sui-prodotti-biologici\\\/#article\",\"isPartOf\":{\"@id\":\"https:\\\/\\\/kymos.com\\\/it\\\/news\\\/il-dott-carles-celma-direttore-scientifico-di-kymos-presenta-un-seminario-di-successo-sui-prodotti-biologici\\\/\"},\"author\":{\"name\":\"Joan Puig de Dou\",\"@id\":\"https:\\\/\\\/kymos.com\\\/it\\\/#\\\/schema\\\/person\\\/264c93ce9dcf43caa9d634aeafab965c\"},\"headline\":\"Il Dott. Carles Celma, Direttore Scientifico di KYMOS, presenta un seminario di successo sui prodotti biologici\",\"datePublished\":\"2019-10-05T08:54:34+00:00\",\"dateModified\":\"2025-12-03T17:59:06+00:00\",\"mainEntityOfPage\":{\"@id\":\"https:\\\/\\\/kymos.com\\\/it\\\/news\\\/il-dott-carles-celma-direttore-scientifico-di-kymos-presenta-un-seminario-di-successo-sui-prodotti-biologici\\\/\"},\"wordCount\":483,\"image\":{\"@id\":\"https:\\\/\\\/kymos.com\\\/it\\\/news\\\/il-dott-carles-celma-direttore-scientifico-di-kymos-presenta-un-seminario-di-successo-sui-prodotti-biologici\\\/#primaryimage\"},\"thumbnailUrl\":\"https:\\\/\\\/kymos.com\\\/wp-content\\\/uploads\\\/2021\\\/11\\\/Kymos-Biologics-Seminar_short-e1658232293201.png\",\"articleSection\":[\"Eventi\"],\"inLanguage\":\"it-IT\"},{\"@type\":\"WebPage\",\"@id\":\"https:\\\/\\\/kymos.com\\\/it\\\/news\\\/il-dott-carles-celma-direttore-scientifico-di-kymos-presenta-un-seminario-di-successo-sui-prodotti-biologici\\\/\",\"url\":\"https:\\\/\\\/kymos.com\\\/it\\\/news\\\/il-dott-carles-celma-direttore-scientifico-di-kymos-presenta-un-seminario-di-successo-sui-prodotti-biologici\\\/\",\"name\":\"Il Dott. Carles Celma presenta con successo il seminario sui prodotti biologici\",\"isPartOf\":{\"@id\":\"https:\\\/\\\/kymos.com\\\/it\\\/#website\"},\"primaryImageOfPage\":{\"@id\":\"https:\\\/\\\/kymos.com\\\/it\\\/news\\\/il-dott-carles-celma-direttore-scientifico-di-kymos-presenta-un-seminario-di-successo-sui-prodotti-biologici\\\/#primaryimage\"},\"image\":{\"@id\":\"https:\\\/\\\/kymos.com\\\/it\\\/news\\\/il-dott-carles-celma-direttore-scientifico-di-kymos-presenta-un-seminario-di-successo-sui-prodotti-biologici\\\/#primaryimage\"},\"thumbnailUrl\":\"https:\\\/\\\/kymos.com\\\/wp-content\\\/uploads\\\/2021\\\/11\\\/Kymos-Biologics-Seminar_short-e1658232293201.png\",\"datePublished\":\"2019-10-05T08:54:34+00:00\",\"dateModified\":\"2025-12-03T17:59:06+00:00\",\"author\":{\"@id\":\"https:\\\/\\\/kymos.com\\\/it\\\/#\\\/schema\\\/person\\\/264c93ce9dcf43caa9d634aeafab965c\"},\"description\":\"Scopri di pi\u00f9 sul seminario unico sui prodotti biologici tenuto dal Dott. Carles Celma, direttore scientifico di Kymos, da ALMIRALL durante la pandemia di COVID-19.\",\"breadcrumb\":{\"@id\":\"https:\\\/\\\/kymos.com\\\/it\\\/news\\\/il-dott-carles-celma-direttore-scientifico-di-kymos-presenta-un-seminario-di-successo-sui-prodotti-biologici\\\/#breadcrumb\"},\"inLanguage\":\"it-IT\",\"potentialAction\":[{\"@type\":\"ReadAction\",\"target\":[\"https:\\\/\\\/kymos.com\\\/it\\\/news\\\/il-dott-carles-celma-direttore-scientifico-di-kymos-presenta-un-seminario-di-successo-sui-prodotti-biologici\\\/\"]}]},{\"@type\":\"ImageObject\",\"inLanguage\":\"it-IT\",\"@id\":\"https:\\\/\\\/kymos.com\\\/it\\\/news\\\/il-dott-carles-celma-direttore-scientifico-di-kymos-presenta-un-seminario-di-successo-sui-prodotti-biologici\\\/#primaryimage\",\"url\":\"https:\\\/\\\/kymos.com\\\/wp-content\\\/uploads\\\/2021\\\/11\\\/Kymos-Biologics-Seminar_short-e1658232293201.png\",\"contentUrl\":\"https:\\\/\\\/kymos.com\\\/wp-content\\\/uploads\\\/2021\\\/11\\\/Kymos-Biologics-Seminar_short-e1658232293201.png\",\"width\":900,\"height\":500,\"caption\":\"Kymos Biologics Seminar\"},{\"@type\":\"BreadcrumbList\",\"@id\":\"https:\\\/\\\/kymos.com\\\/it\\\/news\\\/il-dott-carles-celma-direttore-scientifico-di-kymos-presenta-un-seminario-di-successo-sui-prodotti-biologici\\\/#breadcrumb\",\"itemListElement\":[{\"@type\":\"ListItem\",\"position\":1,\"name\":\"Home\",\"item\":\"https:\\\/\\\/kymos.com\\\/it\\\/\"},{\"@type\":\"ListItem\",\"position\":2,\"name\":\"Il Dott. Carles Celma, Direttore Scientifico di KYMOS, presenta un seminario di successo sui prodotti biologici\"}]},{\"@type\":\"WebSite\",\"@id\":\"https:\\\/\\\/kymos.com\\\/it\\\/#website\",\"url\":\"https:\\\/\\\/kymos.com\\\/it\\\/\",\"name\":\"Kymos Group\",\"description\":\"Kymos Group\",\"potentialAction\":[{\"@type\":\"SearchAction\",\"target\":{\"@type\":\"EntryPoint\",\"urlTemplate\":\"https:\\\/\\\/kymos.com\\\/it\\\/?s={search_term_string}\"},\"query-input\":{\"@type\":\"PropertyValueSpecification\",\"valueRequired\":true,\"valueName\":\"search_term_string\"}}],\"inLanguage\":\"it-IT\"},{\"@type\":\"Person\",\"@id\":\"https:\\\/\\\/kymos.com\\\/it\\\/#\\\/schema\\\/person\\\/264c93ce9dcf43caa9d634aeafab965c\",\"name\":\"Joan Puig de Dou\",\"image\":{\"@type\":\"ImageObject\",\"inLanguage\":\"it-IT\",\"@id\":\"https:\\\/\\\/secure.gravatar.com\\\/avatar\\\/263d7ff1c7891f5821a5075a1a362a1e513db5931dc882455e887fe1c1ccf924?s=96&d=mm&r=g\",\"url\":\"https:\\\/\\\/secure.gravatar.com\\\/avatar\\\/263d7ff1c7891f5821a5075a1a362a1e513db5931dc882455e887fe1c1ccf924?s=96&d=mm&r=g\",\"contentUrl\":\"https:\\\/\\\/secure.gravatar.com\\\/avatar\\\/263d7ff1c7891f5821a5075a1a362a1e513db5931dc882455e887fe1c1ccf924?s=96&d=mm&r=g\",\"caption\":\"Joan Puig de Dou\"},\"description\":\"Active in the pharmaceutical marketing for over 30 years President of CataloniaBIO&amp;HealthTech CEO and Qualified Person at Kymos Leader of Kymos team, guaranteeing a trustable, ethical and scientific correct editorial publications. Experience Joan Puig de Dou started his career at Laboratorios Menarini first as scientist later as Qualified Person and finally as Operations General Manager. 2010 he entered Kymos where he became CEO in 2015. 2022 Joan Puig de Dou was elected as president of CataloniaBio&amp;HealthTech to represent the Catalonian biotech industry nationally and internationally. Expertise Joan Puig de Dou has extensive experience in writing scientific content adopting a didactic approach that fits any reader\u2019s level of expertise. He publishes regularely on Kymos\u2019 webpage, social media and in the specialized press. Education He graduated from Universitat de Barcelona as Pharmacist and from IESE Business School\u2019s Programa Diecci\u00f3n General (PDG) Want to know him better? Read his interview in PharmaBoardrooom in January 2019 and more about his presidency of CataloniaBio at Parc Sc\u00edentific de Barcelona.\",\"url\":\"https:\\\/\\\/kymos.com\\\/it\\\/news\\\/author\\\/joan-puig-de-dou\\\/\"}]}<\/script>\n<!-- \/ Yoast SEO plugin. -->","yoast_head_json":{"title":"Il Dott. Carles Celma presenta con successo il seminario sui prodotti biologici","description":"Scopri di pi\u00f9 sul seminario unico sui prodotti biologici tenuto dal Dott. Carles Celma, direttore scientifico di Kymos, da ALMIRALL durante la pandemia di COVID-19.","robots":{"index":"index","follow":"follow","max-snippet":"max-snippet:-1","max-image-preview":"max-image-preview:large","max-video-preview":"max-video-preview:-1"},"canonical":"https:\/\/kymos.com\/it\/news\/il-dott-carles-celma-direttore-scientifico-di-kymos-presenta-un-seminario-di-successo-sui-prodotti-biologici\/","og_locale":"it_IT","og_type":"article","og_title":"Il Dott. Carles Celma presenta con successo il seminario sui prodotti biologici","og_description":"Scopri di pi\u00f9 sul seminario unico sui prodotti biologici tenuto dal Dott. Carles Celma, direttore scientifico di Kymos, da ALMIRALL durante la pandemia di COVID-19.","og_url":"https:\/\/kymos.com\/it\/news\/il-dott-carles-celma-direttore-scientifico-di-kymos-presenta-un-seminario-di-successo-sui-prodotti-biologici\/","og_site_name":"Kymos","article_published_time":"2019-10-05T08:54:34+00:00","article_modified_time":"2025-12-03T17:59:06+00:00","og_image":[{"width":900,"height":500,"url":"https:\/\/kymos.com\/wp-content\/uploads\/2021\/11\/Kymos-Biologics-Seminar_short-e1658232293201.png","type":"image\/png"}],"author":"Joan Puig de Dou","twitter_card":"summary_large_image","twitter_creator":"@KymosGroup","twitter_site":"@KymosGroup","twitter_misc":{"Scritto da":"Joan Puig de Dou","Tempo di lettura stimato":"2 minuti"},"schema":{"@context":"https:\/\/schema.org","@graph":[{"@type":"Article","@id":"https:\/\/kymos.com\/it\/news\/il-dott-carles-celma-direttore-scientifico-di-kymos-presenta-un-seminario-di-successo-sui-prodotti-biologici\/#article","isPartOf":{"@id":"https:\/\/kymos.com\/it\/news\/il-dott-carles-celma-direttore-scientifico-di-kymos-presenta-un-seminario-di-successo-sui-prodotti-biologici\/"},"author":{"name":"Joan Puig de Dou","@id":"https:\/\/kymos.com\/it\/#\/schema\/person\/264c93ce9dcf43caa9d634aeafab965c"},"headline":"Il Dott. Carles Celma, Direttore Scientifico di KYMOS, presenta un seminario di successo sui prodotti biologici","datePublished":"2019-10-05T08:54:34+00:00","dateModified":"2025-12-03T17:59:06+00:00","mainEntityOfPage":{"@id":"https:\/\/kymos.com\/it\/news\/il-dott-carles-celma-direttore-scientifico-di-kymos-presenta-un-seminario-di-successo-sui-prodotti-biologici\/"},"wordCount":483,"image":{"@id":"https:\/\/kymos.com\/it\/news\/il-dott-carles-celma-direttore-scientifico-di-kymos-presenta-un-seminario-di-successo-sui-prodotti-biologici\/#primaryimage"},"thumbnailUrl":"https:\/\/kymos.com\/wp-content\/uploads\/2021\/11\/Kymos-Biologics-Seminar_short-e1658232293201.png","articleSection":["Eventi"],"inLanguage":"it-IT"},{"@type":"WebPage","@id":"https:\/\/kymos.com\/it\/news\/il-dott-carles-celma-direttore-scientifico-di-kymos-presenta-un-seminario-di-successo-sui-prodotti-biologici\/","url":"https:\/\/kymos.com\/it\/news\/il-dott-carles-celma-direttore-scientifico-di-kymos-presenta-un-seminario-di-successo-sui-prodotti-biologici\/","name":"Il Dott. Carles Celma presenta con successo il seminario sui prodotti biologici","isPartOf":{"@id":"https:\/\/kymos.com\/it\/#website"},"primaryImageOfPage":{"@id":"https:\/\/kymos.com\/it\/news\/il-dott-carles-celma-direttore-scientifico-di-kymos-presenta-un-seminario-di-successo-sui-prodotti-biologici\/#primaryimage"},"image":{"@id":"https:\/\/kymos.com\/it\/news\/il-dott-carles-celma-direttore-scientifico-di-kymos-presenta-un-seminario-di-successo-sui-prodotti-biologici\/#primaryimage"},"thumbnailUrl":"https:\/\/kymos.com\/wp-content\/uploads\/2021\/11\/Kymos-Biologics-Seminar_short-e1658232293201.png","datePublished":"2019-10-05T08:54:34+00:00","dateModified":"2025-12-03T17:59:06+00:00","author":{"@id":"https:\/\/kymos.com\/it\/#\/schema\/person\/264c93ce9dcf43caa9d634aeafab965c"},"description":"Scopri di pi\u00f9 sul seminario unico sui prodotti biologici tenuto dal Dott. Carles Celma, direttore scientifico di Kymos, da ALMIRALL durante la pandemia di COVID-19.","breadcrumb":{"@id":"https:\/\/kymos.com\/it\/news\/il-dott-carles-celma-direttore-scientifico-di-kymos-presenta-un-seminario-di-successo-sui-prodotti-biologici\/#breadcrumb"},"inLanguage":"it-IT","potentialAction":[{"@type":"ReadAction","target":["https:\/\/kymos.com\/it\/news\/il-dott-carles-celma-direttore-scientifico-di-kymos-presenta-un-seminario-di-successo-sui-prodotti-biologici\/"]}]},{"@type":"ImageObject","inLanguage":"it-IT","@id":"https:\/\/kymos.com\/it\/news\/il-dott-carles-celma-direttore-scientifico-di-kymos-presenta-un-seminario-di-successo-sui-prodotti-biologici\/#primaryimage","url":"https:\/\/kymos.com\/wp-content\/uploads\/2021\/11\/Kymos-Biologics-Seminar_short-e1658232293201.png","contentUrl":"https:\/\/kymos.com\/wp-content\/uploads\/2021\/11\/Kymos-Biologics-Seminar_short-e1658232293201.png","width":900,"height":500,"caption":"Kymos Biologics Seminar"},{"@type":"BreadcrumbList","@id":"https:\/\/kymos.com\/it\/news\/il-dott-carles-celma-direttore-scientifico-di-kymos-presenta-un-seminario-di-successo-sui-prodotti-biologici\/#breadcrumb","itemListElement":[{"@type":"ListItem","position":1,"name":"Home","item":"https:\/\/kymos.com\/it\/"},{"@type":"ListItem","position":2,"name":"Il Dott. Carles Celma, Direttore Scientifico di KYMOS, presenta un seminario di successo sui prodotti biologici"}]},{"@type":"WebSite","@id":"https:\/\/kymos.com\/it\/#website","url":"https:\/\/kymos.com\/it\/","name":"Kymos Group","description":"Kymos Group","potentialAction":[{"@type":"SearchAction","target":{"@type":"EntryPoint","urlTemplate":"https:\/\/kymos.com\/it\/?s={search_term_string}"},"query-input":{"@type":"PropertyValueSpecification","valueRequired":true,"valueName":"search_term_string"}}],"inLanguage":"it-IT"},{"@type":"Person","@id":"https:\/\/kymos.com\/it\/#\/schema\/person\/264c93ce9dcf43caa9d634aeafab965c","name":"Joan Puig de Dou","image":{"@type":"ImageObject","inLanguage":"it-IT","@id":"https:\/\/secure.gravatar.com\/avatar\/263d7ff1c7891f5821a5075a1a362a1e513db5931dc882455e887fe1c1ccf924?s=96&d=mm&r=g","url":"https:\/\/secure.gravatar.com\/avatar\/263d7ff1c7891f5821a5075a1a362a1e513db5931dc882455e887fe1c1ccf924?s=96&d=mm&r=g","contentUrl":"https:\/\/secure.gravatar.com\/avatar\/263d7ff1c7891f5821a5075a1a362a1e513db5931dc882455e887fe1c1ccf924?s=96&d=mm&r=g","caption":"Joan Puig de Dou"},"description":"Active in the pharmaceutical marketing for over 30 years President of CataloniaBIO&amp;HealthTech CEO and Qualified Person at Kymos Leader of Kymos team, guaranteeing a trustable, ethical and scientific correct editorial publications. Experience Joan Puig de Dou started his career at Laboratorios Menarini first as scientist later as Qualified Person and finally as Operations General Manager. 2010 he entered Kymos where he became CEO in 2015. 2022 Joan Puig de Dou was elected as president of CataloniaBio&amp;HealthTech to represent the Catalonian biotech industry nationally and internationally. Expertise Joan Puig de Dou has extensive experience in writing scientific content adopting a didactic approach that fits any reader\u2019s level of expertise. He publishes regularely on Kymos\u2019 webpage, social media and in the specialized press. Education He graduated from Universitat de Barcelona as Pharmacist and from IESE Business School\u2019s Programa Diecci\u00f3n General (PDG) Want to know him better? Read his interview in PharmaBoardrooom in January 2019 and more about his presidency of CataloniaBio at Parc Sc\u00edentific de Barcelona.","url":"https:\/\/kymos.com\/it\/news\/author\/joan-puig-de-dou\/"}]}},"_links":{"self":[{"href":"https:\/\/kymos.com\/it\/wp-json\/wp\/v2\/posts\/27261","targetHints":{"allow":["GET"]}}],"collection":[{"href":"https:\/\/kymos.com\/it\/wp-json\/wp\/v2\/posts"}],"about":[{"href":"https:\/\/kymos.com\/it\/wp-json\/wp\/v2\/types\/post"}],"author":[{"embeddable":true,"href":"https:\/\/kymos.com\/it\/wp-json\/wp\/v2\/users\/6"}],"replies":[{"embeddable":true,"href":"https:\/\/kymos.com\/it\/wp-json\/wp\/v2\/comments?post=27261"}],"version-history":[{"count":0,"href":"https:\/\/kymos.com\/it\/wp-json\/wp\/v2\/posts\/27261\/revisions"}],"wp:featuredmedia":[{"embeddable":true,"href":"https:\/\/kymos.com\/it\/wp-json\/wp\/v2\/media\/27262"}],"wp:attachment":[{"href":"https:\/\/kymos.com\/it\/wp-json\/wp\/v2\/media?parent=27261"}],"wp:term":[{"taxonomy":"category","embeddable":true,"href":"https:\/\/kymos.com\/it\/wp-json\/wp\/v2\/categories?post=27261"},{"taxonomy":"post_tag","embeddable":true,"href":"https:\/\/kymos.com\/it\/wp-json\/wp\/v2\/tags?post=27261"}],"curies":[{"name":"wp","href":"https:\/\/api.w.org\/{rel}","templated":true}]}}